{"id":2765,"date":"2026-08-18T17:46:10","date_gmt":"2026-08-18T15:46:10","guid":{"rendered":"https:\/\/lauralogo.com\/?p=2765"},"modified":"2026-08-18T17:46:11","modified_gmt":"2026-08-18T15:46:11","slug":"frein-lingual-chez-lenfant-definition-consequences-et-role-de-lorthophoniste","status":"publish","type":"post","link":"https:\/\/lauralogo.com\/fr\/frein-lingual-chez-lenfant-definition-consequences-et-role-de-lorthophoniste\/","title":{"rendered":"Frein lingual chez l'enfant : d\u00e9finition, cons\u00e9quences et r\u00f4le de l'orthophoniste"},"content":{"rendered":"\t\t<div data-elementor-type=\"wp-post\" data-elementor-id=\"2765\" class=\"elementor elementor-2765 elementor-2755\">\n\t\t\t\t<div class=\"elementor-element elementor-element-7ff5f80 e-con-full e-flex e-con e-parent\" data-id=\"7ff5f80\" data-element_type=\"container\" data-e-type=\"container\" data-settings=\"{&quot;background_background&quot;:&quot;classic&quot;}\">\n\t\t\t\t<div class=\"elementor-element elementor-element-0136ac3 elementor-widget elementor-widget-heading\" data-id=\"0136ac3\" data-element_type=\"widget\" data-e-type=\"widget\" data-widget_type=\"heading.default\">\n\t\t\t\t<div class=\"elementor-widget-container\">\n\t\t\t\t\t<h1 class=\"elementor-heading-title elementor-size-default\">Frein lingual chez l'enfant : d\u00e9finition, cons\u00e9quences et r\u00f4le de l'orthophoniste<\/h1>\t\t\t\t<\/div>\n\t\t\t\t<\/div>\n\t\t\t\t<\/div>\n\t\t<div class=\"elementor-element elementor-element-c471acc e-flex e-con-boxed e-con e-parent\" data-id=\"c471acc\" data-element_type=\"container\" data-e-type=\"container\" data-settings=\"{&quot;background_background&quot;:&quot;classic&quot;}\">\n\t\t\t\t\t<div class=\"e-con-inner\">\n\t\t\t\t<div class=\"elementor-element elementor-element-02e81a8 elementor-widget elementor-widget-text-editor\" data-id=\"02e81a8\" data-element_type=\"widget\" data-e-type=\"widget\" data-widget_type=\"text-editor.default\">\n\t\t\t\t<div class=\"elementor-widget-container\">\n\t\t\t\t\t\t\t\t\t<p>En tant qu'orthophoniste sp\u00e9cialis\u00e9e, j'\u00e9value la mobilit\u00e9 de la langue et je coordonne, en collaboration avec des oto-rhino-laryngologistes, la prise en charge du frein lingual court chez les enfants, tant \u00e0 Malaga qu'en ligne.<\/p><p>Le frein lingual court (ankyloglossie) est une affection dans laquelle le frein (le tissu qui relie la face inf\u00e9rieure de la langue au plancher de la bouche) est plus court, plus \u00e9pais ou plus rigide que la normale, ce qui limite la mobilit\u00e9 de la langue.<\/p>\t\t\t\t\t\t\t\t<\/div>\n\t\t\t\t<\/div>\n\t\t\t\t\t<\/div>\n\t\t\t\t<\/div>\n\t\t<div class=\"elementor-element elementor-element-0ca09d4 e-flex e-con-boxed e-con e-parent\" data-id=\"0ca09d4\" data-element_type=\"container\" data-e-type=\"container\" data-settings=\"{&quot;background_background&quot;:&quot;classic&quot;}\">\n\t\t\t\t\t<div class=\"e-con-inner\">\n\t\t\t\t<div class=\"elementor-element elementor-element-0e28e7a elementor-widget elementor-widget-heading\" data-id=\"0e28e7a\" data-element_type=\"widget\" data-e-type=\"widget\" data-widget_type=\"heading.default\">\n\t\t\t\t<div class=\"elementor-widget-container\">\n\t\t\t\t\t<h2 class=\"elementor-heading-title elementor-size-default\">Qu'est-ce qu'un frein lingual court ?<\/h2>\t\t\t\t<\/div>\n\t\t\t\t<\/div>\n\t\t\t\t<div class=\"elementor-element elementor-element-eead3fa elementor-widget elementor-widget-text-editor\" data-id=\"eead3fa\" data-element_type=\"widget\" data-e-type=\"widget\" data-widget_type=\"text-editor.default\">\n\t\t\t\t<div class=\"elementor-widget-container\">\n\t\t\t\t\t\t\t\t\t<p>Il s'agit de l'une des affections buccales cong\u00e9nitales les plus fr\u00e9quemment diagnostiqu\u00e9es ces derni\u00e8res ann\u00e9es. Le nombre de publications scientifiques sur le sujet a augment\u00e9 de mani\u00e8re exponentielle, m\u00eame si cela ne s'est pas toujours traduit par des donn\u00e9es de meilleure qualit\u00e9 : une analyse r\u00e9cente portant sur 462 articles publi\u00e9s entre 2017 et 2024 a r\u00e9v\u00e9l\u00e9 que <a href=\"https:\/\/doi.org\/10.1002\/ohn.1264\">seuls 2,8 % d\u2019entre eux \u00e9taient des essais cliniques randomis\u00e9s<\/a>, qui constituent la norme de qualit\u00e9 la plus \u00e9lev\u00e9e en mati\u00e8re de recherche. <span class=\"Apple-converted-space\"> <\/span><\/p>\t\t\t\t\t\t\t\t<\/div>\n\t\t\t\t<\/div>\n\t\t\t\t\t<\/div>\n\t\t\t\t<\/div>\n\t\t<div class=\"elementor-element elementor-element-422620b e-flex e-con-boxed e-con e-parent\" data-id=\"422620b\" data-element_type=\"container\" data-e-type=\"container\" data-settings=\"{&quot;background_background&quot;:&quot;classic&quot;}\">\n\t\t\t\t\t<div class=\"e-con-inner\">\n\t\t\t\t<div class=\"elementor-element elementor-element-614afa5 elementor-widget elementor-widget-heading\" data-id=\"614afa5\" data-element_type=\"widget\" data-e-type=\"widget\" data-widget_type=\"heading.default\">\n\t\t\t\t<div class=\"elementor-widget-container\">\n\t\t\t\t\t<h2 class=\"elementor-heading-title elementor-size-default\">Causes et diagnostic du frein lingual court<\/h2>\t\t\t\t<\/div>\n\t\t\t\t<\/div>\n\t\t\t\t<div class=\"elementor-element elementor-element-c0bc01b elementor-widget elementor-widget-text-editor\" data-id=\"c0bc01b\" data-element_type=\"widget\" data-e-type=\"widget\" data-widget_type=\"text-editor.default\">\n\t\t\t\t<div class=\"elementor-widget-container\">\n\t\t\t\t\t\t\t\t\t<p>Le frein lingual court est d'origine cong\u00e9nitale. Son diagnostic doit \u00eatre pos\u00e9 par un professionnel de sant\u00e9 (p\u00e9diatre ou ORL), qui \u00e9valuera la longueur, l'\u00e9paisseur et la mobilit\u00e9 du frein, ainsi que son impact fonctionnel r\u00e9el chez chaque enfant. <\/p>\t\t\t\t\t\t\t\t<\/div>\n\t\t\t\t<\/div>\n\t\t\t\t\t<\/div>\n\t\t\t\t<\/div>\n\t\t<div class=\"elementor-element elementor-element-d45e289 e-flex e-con-boxed e-con e-parent\" data-id=\"d45e289\" data-element_type=\"container\" data-e-type=\"container\" data-settings=\"{&quot;background_background&quot;:&quot;classic&quot;}\">\n\t\t\t\t\t<div class=\"e-con-inner\">\n\t\t\t\t<div class=\"elementor-element elementor-element-0e6407e elementor-widget elementor-widget-heading\" data-id=\"0e6407e\" data-element_type=\"widget\" data-e-type=\"widget\" data-widget_type=\"heading.default\">\n\t\t\t\t<div class=\"elementor-widget-container\">\n\t\t\t\t\t<h2 class=\"elementor-heading-title elementor-size-default\">Quelles en sont r\u00e9ellement les cons\u00e9quences ? Ce que r\u00e9v\u00e8lent les donn\u00e9es <\/h2>\t\t\t\t<\/div>\n\t\t\t\t<\/div>\n\t\t\t\t<div class=\"elementor-element elementor-element-e0f4c86 elementor-widget elementor-widget-text-editor\" data-id=\"e0f4c86\" data-element_type=\"widget\" data-e-type=\"widget\" data-widget_type=\"text-editor.default\">\n\t\t\t\t<div class=\"elementor-widget-container\">\n\t\t\t\t\t\t\t\t\t<p>Il est important d'\u00eatre pr\u00e9cis sur ce point, car de nombreuses informations peu rigoureuses circulent \u00e0 ce sujet.<\/p><p>En ce qui concerne l'allaitement : les donn\u00e9es scientifiques sont plus coh\u00e9rentes. L'Acad\u00e9mie am\u00e9ricaine de p\u00e9diatrie reconna\u00eet l'impact d'un frein de langue court sur l'allaitement maternel chez les nouveau-n\u00e9s. <\/p><p>En ce qui concerne la parole : le lien entre un frein lingual court et les troubles de la parole reste controvers\u00e9. Une revue syst\u00e9matique accompagn\u00e9e d'une m\u00e9ta-analyse a conclu que les donn\u00e9es concernant les b\u00e9n\u00e9fices de la fr\u00e9nectomie (intervention chirurgicale du frein) sur la parole ne sont pas concluantes, <a href=\"https:\/\/speechbite.com\/article\/73222\/\">en raison de la faible qualit\u00e9 m\u00e9thodologique des \u00e9tudes<\/a>.   <\/p><p>Une \u00e9tude prospective men\u00e9e aupr\u00e8s d'enfants \u00e2g\u00e9s de 2 ans ou plus orient\u00e9s vers un sp\u00e9cialiste pour des troubles de la parole a mis en \u00e9vidence des erreurs d'articulation fr\u00e9quentes (substitutions phonologiques et glissements), mais les auteurs eux-m\u00eames soulignent que le lien entre l'ankyloglossie et la parole <a href=\"https:\/\/doi.org\/10.1177\/01455613211064045\">reste controvers\u00e9<\/a>.<span class=\"Apple-converted-space\"> <\/span><\/p>\t\t\t\t\t\t\t\t<\/div>\n\t\t\t\t<\/div>\n\t\t\t\t\t<\/div>\n\t\t\t\t<\/div>\n\t\t<div class=\"elementor-element elementor-element-28359bf e-flex e-con-boxed e-con e-parent\" data-id=\"28359bf\" data-element_type=\"container\" data-e-type=\"container\" data-settings=\"{&quot;background_background&quot;:&quot;classic&quot;}\">\n\t\t\t\t\t<div class=\"e-con-inner\">\n\t\t\t\t<div class=\"elementor-element elementor-element-1e09899 elementor-widget elementor-widget-heading\" data-id=\"1e09899\" data-element_type=\"widget\" data-e-type=\"widget\" data-widget_type=\"heading.default\">\n\t\t\t\t<div class=\"elementor-widget-container\">\n\t\t\t\t\t<h2 class=\"elementor-heading-title elementor-size-default\">Le r\u00f4le de l'orthophoniste<\/h2>\t\t\t\t<\/div>\n\t\t\t\t<\/div>\n\t\t\t\t<div class=\"elementor-element elementor-element-f0d95e5 elementor-widget elementor-widget-text-editor\" data-id=\"f0d95e5\" data-element_type=\"widget\" data-e-type=\"widget\" data-widget_type=\"text-editor.default\">\n\t\t\t\t<div class=\"elementor-widget-container\">\n\t\t\t\t\t\t\t\t\t<p>M\u00eame si les donn\u00e9es concernant la parole ne sont pas concluantes de mani\u00e8re g\u00e9n\u00e9rale, cela ne signifie pas pour autant qu\u2019un frein de langue court soit sans importance pour chaque enfant en particulier. Mon travail en tant qu\u2019orthophoniste consiste \u00e0 : <\/p><ul><li>\u00c9valuer la mobilit\u00e9 linguale et son impact fonctionnel sp\u00e9cifique dans chaque cas (parole, d\u00e9glutition, respiration).<\/li><li>Assurer la coordination avec l'ORL en cas de suspicion d'ankyloglosie importante.<\/li><li>Travailler la fonction oro-motrice avant et apr\u00e8s une \u00e9ventuelle fr\u00e9nectomie, si celle-ci est d\u00e9cid\u00e9e.<\/li><li>\u00c9viter de proposer la chirurgie comme solution syst\u00e9matique \u00e0 un trouble de la parole sans avoir proc\u00e9d\u00e9 \u00e0 une \u00e9valuation fonctionnelle compl\u00e8te.<\/li><\/ul>\t\t\t\t\t\t\t\t<\/div>\n\t\t\t\t<\/div>\n\t\t\t\t\t<\/div>\n\t\t\t\t<\/div>\n\t\t<div class=\"elementor-element elementor-element-33d60d9 e-flex e-con-boxed e-con e-parent\" data-id=\"33d60d9\" data-element_type=\"container\" data-e-type=\"container\" data-settings=\"{&quot;background_background&quot;:&quot;classic&quot;}\">\n\t\t\t\t\t<div class=\"e-con-inner\">\n\t\t\t\t<div class=\"elementor-element elementor-element-ad3f7af elementor-widget elementor-widget-heading\" data-id=\"ad3f7af\" data-element_type=\"widget\" data-e-type=\"widget\" data-widget_type=\"heading.default\">\n\t\t\t\t<div class=\"elementor-widget-container\">\n\t\t\t\t\t<h2 class=\"elementor-heading-title elementor-size-default\">Frein lingual: orthophoniste \u00e0 Malaga et en ligne<\/h2>\t\t\t\t<\/div>\n\t\t\t\t<\/div>\n\t\t\t\t<div class=\"elementor-element elementor-element-e0fb31c elementor-widget elementor-widget-text-editor\" data-id=\"e0fb31c\" data-element_type=\"widget\" data-e-type=\"widget\" data-widget_type=\"text-editor.default\">\n\t\t\t\t<div class=\"elementor-widget-container\">\n\t\t\t\t\t\t\t\t\t<p>Si vous pensez que votre enfant pourrait pr\u00e9senter un frein lingual court, il est recommand\u00e9 de proc\u00e9der tout d'abord \u00e0 un examen m\u00e9dical et, parall\u00e8lement, \u00e0 une \u00e9valuation orthophonique de la fonction buccale et de la parole.<\/p><p>Je propose des <a href=\"https:\/\/lauralogo.com\/fr\/seances\/\">s\u00e9ances<\/a> d'orthophonie en espagnol, en fran\u00e7ais et en anglais, \u00e0 la fois en personne dans mon cabinet de Mijas (Malaga) et en ligne pour des patients de toute l'Espagne et de l'\u00e9tranger.<\/p>\t\t\t\t\t\t\t\t<\/div>\n\t\t\t\t<\/div>\n\t\t\t\t<div class=\"elementor-element elementor-element-6eec7df elementor-widget elementor-widget-button\" data-id=\"6eec7df\" data-element_type=\"widget\" data-e-type=\"widget\" data-widget_type=\"button.default\">\n\t\t\t\t<div class=\"elementor-widget-container\">\n\t\t\t\t\t\t\t\t\t<div class=\"elementor-button-wrapper\">\n\t\t\t\t\t<a class=\"elementor-button elementor-button-link elementor-size-sm elementor-animation-grow\" href=\"https:\/\/wa.me\/34623602990\">\n\t\t\t\t\t\t<span class=\"elementor-button-content-wrapper\">\n\t\t\t\t\t\t\t\t\t<span class=\"elementor-button-text\">Contactez-moi<\/span>\n\t\t\t\t\t<\/span>\n\t\t\t\t\t<\/a>\n\t\t\t\t<\/div>\n\t\t\t\t\t\t\t\t<\/div>\n\t\t\t\t<\/div>\n\t\t\t\t<div class=\"elementor-element elementor-element-5ca8e2e elementor-widget elementor-widget-text-editor\" data-id=\"5ca8e2e\" data-element_type=\"widget\" data-e-type=\"widget\" data-widget_type=\"text-editor.default\">\n\t\t\t\t<div class=\"elementor-widget-container\">\n\t\t\t\t\t\t\t\t\t<p>Souhaitez-vous en savoir plus sur les troubles associ\u00e9s ? Lisez \u00e9galement mon article sur <a href=\"https:\/\/lauralogo.com\/fr\/deglutition-atypique-enfant-orthophoniste-malaga-en-ligne\/\">la d\u00e9glutition atypique chez les enfants<\/a>. <\/p>\t\t\t\t\t\t\t\t<\/div>\n\t\t\t\t<\/div>\n\t\t\t\t\t<\/div>\n\t\t\t\t<\/div>\n\t\t<div class=\"elementor-element elementor-element-30d99c8 e-flex e-con-boxed e-con e-parent\" data-id=\"30d99c8\" data-element_type=\"container\" data-e-type=\"container\" data-settings=\"{&quot;background_background&quot;:&quot;classic&quot;}\">\n\t\t\t\t\t<div class=\"e-con-inner\">\n\t\t\t\t<div class=\"elementor-element elementor-element-27422fa elementor-widget elementor-widget-text-editor\" data-id=\"27422fa\" data-element_type=\"widget\" data-e-type=\"widget\" data-widget_type=\"text-editor.default\">\n\t\t\t\t<div class=\"elementor-widget-container\">\n\t\t\t\t\t\t\t\t\t<ul><li>Thornton, et al. (2025). Systematic review of tongue tie publications: Exponential rise in publications without exponential increase in evidence. <i>Otolaryngology\u2013Head and Neck Surgery<\/i>. <a href=\"https:\/\/doi.org\/10.1002\/ohn.1264\">https:\/\/doi.org\/10.1002\/ohn.1264<\/a><\/li><li>American Academy of Pediatrics. (2024). Identification and management of ankyloglossia and its effect on breastfeeding in infants. <i>Pediatrics, 154<\/i>(2).<\/li><li>Speech Outcomes of Frenectomy for Tongue-Tie Release: A Systematic Review and Meta-Analysis. (2024).  <a href=\"https:\/\/speechbite.com\/article\/73222\/\">https:\/\/speechbite.com\/article\/73222\/<\/a><\/li><li>Melong, J., Bezuhly, M., &#038; Hong, P. (2024). The effect of tongue-tie release on speech articulation and intelligibility. <i>Ear, Nose &#038; Throat Journal<\/i>. <a href=\"https:\/\/doi.org\/10.1177\/01455613211064045\">https:\/\/doi.org\/10.1177\/01455613211064045<\/a> <\/li><\/ul>\t\t\t\t\t\t\t\t<\/div>\n\t\t\t\t<\/div>\n\t\t\t\t\t<\/div>\n\t\t\t\t<\/div>\n\t\t\t\t<\/div>\n\t\t","protected":false},"excerpt":{"rendered":"<p>Frein lingual chez l'enfant : d\u00e9finition, cons\u00e9quences et r\u00f4le de l'orthophoniste En tant qu'orthophoniste sp\u00e9cialis\u00e9e, j'\u00e9value la mobilit\u00e9 de la langue et je coordonne, en collaboration avec des oto-rhino-laryngologistes, la prise en charge du frein lingual court chez les enfants, tant \u00e0 Malaga qu'en ligne. Le frein lingual court (ankyloglossie) est une affection dans laquelle [&hellip;]<\/p>\n","protected":false},"author":1,"featured_media":2759,"comment_status":"closed","ping_status":"open","sticky":false,"template":"","format":"standard","meta":{"footnotes":""},"categories":[138,206,175,46,176],"tags":[139,207,125,211,192,48,124,177,208],"class_list":["post-2765","post","type-post","status-publish","format-standard","has-post-thumbnail","hentry","category-articulation","category-deglutition-atypique","category-myofonctionnel","category-orthophonie","category-respiration-par-la-bouche","tag-articulation","tag-deglutition-atypique","tag-enfants","tag-frein-lingual","tag-malaga-2","tag-orthophonie","tag-parole","tag-respiration-buccale","tag-therapie-myofonctionnelle"],"yoast_head":"<!-- This site is optimized with the Yoast SEO plugin v28.1 - https:\/\/yoast.com\/product\/yoast-seo-wordpress\/ -->\n<title>Frein lingual chez l&#039;enfant | Orthophoniste \u00e0 Malaga et en ligne<\/title>\n<meta name=\"description\" content=\"Frein lingual chez l&#039;enfant : d\u00e9couvrez de quoi il s&#039;agit, ses cons\u00e9quences possibles et le r\u00f4le de l&#039;orthophoniste \u00e0 Malaga et en ligne.\" \/>\n<meta name=\"robots\" content=\"index, follow, max-snippet:-1, max-image-preview:large, max-video-preview:-1\" \/>\n<link rel=\"canonical\" href=\"https:\/\/lauralogo.com\/fr\/frein-lingual-chez-lenfant-definition-consequences-et-role-de-lorthophoniste\/\" \/>\n<meta property=\"og:locale\" content=\"fr_FR\" \/>\n<meta property=\"og:type\" content=\"article\" \/>\n<meta property=\"og:title\" content=\"Frein lingual chez l&#039;enfant | Orthophoniste \u00e0 Malaga et en ligne\" \/>\n<meta property=\"og:description\" content=\"Frein lingual chez l&#039;enfant : d\u00e9couvrez de quoi il s&#039;agit, ses cons\u00e9quences possibles et le r\u00f4le de l&#039;orthophoniste \u00e0 Malaga et en ligne.\" \/>\n<meta property=\"og:url\" content=\"https:\/\/lauralogo.com\/fr\/frein-lingual-chez-lenfant-definition-consequences-et-role-de-lorthophoniste\/\" \/>\n<meta property=\"og:site_name\" content=\"Lauralogo\" \/>\n<meta property=\"article:published_time\" content=\"2026-08-18T15:46:10+00:00\" \/>\n<meta property=\"article:modified_time\" content=\"2026-08-18T15:46:11+00:00\" \/>\n<meta property=\"og:image\" content=\"https:\/\/lauralogo.com\/wp-content\/uploads\/2026\/08\/ChatGPT-Image-18-aout-2026-a-16_35_02.png\" \/>\n\t<meta property=\"og:image:width\" content=\"1536\" \/>\n\t<meta property=\"og:image:height\" content=\"1024\" \/>\n\t<meta property=\"og:image:type\" content=\"image\/png\" \/>\n<meta name=\"author\" content=\"Laura\" \/>\n<meta name=\"twitter:card\" content=\"summary_large_image\" \/>\n<meta name=\"twitter:label1\" content=\"\u00c9crit par\" \/>\n\t<meta name=\"twitter:data1\" content=\"Laura\" \/>\n\t<meta name=\"twitter:label2\" content=\"Dur\u00e9e de lecture estim\u00e9e\" \/>\n\t<meta name=\"twitter:data2\" content=\"4 minutes\" \/>\n<script type=\"application\/ld+json\" class=\"yoast-schema-graph\">{\"@context\":\"https:\\\/\\\/schema.org\",\"@graph\":[{\"@type\":\"Article\",\"@id\":\"https:\\\/\\\/lauralogo.com\\\/fr\\\/frein-lingual-chez-lenfant-definition-consequences-et-role-de-lorthophoniste\\\/#article\",\"isPartOf\":{\"@id\":\"https:\\\/\\\/lauralogo.com\\\/fr\\\/frein-lingual-chez-lenfant-definition-consequences-et-role-de-lorthophoniste\\\/\"},\"author\":{\"name\":\"Laura\",\"@id\":\"https:\\\/\\\/lauralogo.com\\\/fr\\\/#\\\/schema\\\/person\\\/f170a007106d64af0135fc1ddef8ae62\"},\"headline\":\"Frein lingual chez l'enfant : d\u00e9finition, cons\u00e9quences et r\u00f4le de l'orthophoniste\",\"datePublished\":\"2026-08-18T15:46:10+00:00\",\"dateModified\":\"2026-08-18T15:46:11+00:00\",\"mainEntityOfPage\":{\"@id\":\"https:\\\/\\\/lauralogo.com\\\/fr\\\/frein-lingual-chez-lenfant-definition-consequences-et-role-de-lorthophoniste\\\/\"},\"wordCount\":781,\"publisher\":{\"@id\":\"https:\\\/\\\/lauralogo.com\\\/fr\\\/#\\\/schema\\\/person\\\/f170a007106d64af0135fc1ddef8ae62\"},\"image\":{\"@id\":\"https:\\\/\\\/lauralogo.com\\\/fr\\\/frein-lingual-chez-lenfant-definition-consequences-et-role-de-lorthophoniste\\\/#primaryimage\"},\"thumbnailUrl\":\"https:\\\/\\\/lauralogo.com\\\/wp-content\\\/uploads\\\/2026\\\/08\\\/ChatGPT-Image-18-aout-2026-a-16_35_02.png\",\"keywords\":[\"articulation\",\"D\u00e9glutition atypique\",\"enfants\",\"frein lingual\",\"M\u00e1laga\",\"orthophonie\",\"parole\",\"respiration buccale\",\"th\u00e9rapie myofonctionnelle\"],\"articleSection\":[\"Articulation\",\"D\u00e9glutition atypique\",\"Myofonctionnel\",\"Orthophonie\",\"Respiration par la bouche\"],\"inLanguage\":\"fr-FR\"},{\"@type\":\"WebPage\",\"@id\":\"https:\\\/\\\/lauralogo.com\\\/fr\\\/frein-lingual-chez-lenfant-definition-consequences-et-role-de-lorthophoniste\\\/\",\"url\":\"https:\\\/\\\/lauralogo.com\\\/fr\\\/frein-lingual-chez-lenfant-definition-consequences-et-role-de-lorthophoniste\\\/\",\"name\":\"Frein lingual chez l'enfant | Orthophoniste \u00e0 Malaga et en ligne\",\"isPartOf\":{\"@id\":\"https:\\\/\\\/lauralogo.com\\\/fr\\\/#website\"},\"primaryImageOfPage\":{\"@id\":\"https:\\\/\\\/lauralogo.com\\\/fr\\\/frein-lingual-chez-lenfant-definition-consequences-et-role-de-lorthophoniste\\\/#primaryimage\"},\"image\":{\"@id\":\"https:\\\/\\\/lauralogo.com\\\/fr\\\/frein-lingual-chez-lenfant-definition-consequences-et-role-de-lorthophoniste\\\/#primaryimage\"},\"thumbnailUrl\":\"https:\\\/\\\/lauralogo.com\\\/wp-content\\\/uploads\\\/2026\\\/08\\\/ChatGPT-Image-18-aout-2026-a-16_35_02.png\",\"datePublished\":\"2026-08-18T15:46:10+00:00\",\"dateModified\":\"2026-08-18T15:46:11+00:00\",\"description\":\"Frein lingual chez l'enfant : d\u00e9couvrez de quoi il s'agit, ses cons\u00e9quences possibles et le r\u00f4le de l'orthophoniste \u00e0 Malaga et en ligne.\",\"breadcrumb\":{\"@id\":\"https:\\\/\\\/lauralogo.com\\\/fr\\\/frein-lingual-chez-lenfant-definition-consequences-et-role-de-lorthophoniste\\\/#breadcrumb\"},\"inLanguage\":\"fr-FR\",\"potentialAction\":[{\"@type\":\"ReadAction\",\"target\":[\"https:\\\/\\\/lauralogo.com\\\/fr\\\/frein-lingual-chez-lenfant-definition-consequences-et-role-de-lorthophoniste\\\/\"]}]},{\"@type\":\"ImageObject\",\"inLanguage\":\"fr-FR\",\"@id\":\"https:\\\/\\\/lauralogo.com\\\/fr\\\/frein-lingual-chez-lenfant-definition-consequences-et-role-de-lorthophoniste\\\/#primaryimage\",\"url\":\"https:\\\/\\\/lauralogo.com\\\/wp-content\\\/uploads\\\/2026\\\/08\\\/ChatGPT-Image-18-aout-2026-a-16_35_02.png\",\"contentUrl\":\"https:\\\/\\\/lauralogo.com\\\/wp-content\\\/uploads\\\/2026\\\/08\\\/ChatGPT-Image-18-aout-2026-a-16_35_02.png\",\"width\":1536,\"height\":1024,\"caption\":\"Ni\u00f1o con frenillo lingual corto\"},{\"@type\":\"BreadcrumbList\",\"@id\":\"https:\\\/\\\/lauralogo.com\\\/fr\\\/frein-lingual-chez-lenfant-definition-consequences-et-role-de-lorthophoniste\\\/#breadcrumb\",\"itemListElement\":[{\"@type\":\"ListItem\",\"position\":1,\"name\":\"Portada\",\"item\":\"https:\\\/\\\/lauralogo.com\\\/fr\\\/accueil\\\/\"},{\"@type\":\"ListItem\",\"position\":2,\"name\":\"Frein lingual chez l&#8217;enfant : d\u00e9finition, cons\u00e9quences et r\u00f4le de l&#8217;orthophoniste\"}]},{\"@type\":\"WebSite\",\"@id\":\"https:\\\/\\\/lauralogo.com\\\/fr\\\/#website\",\"url\":\"https:\\\/\\\/lauralogo.com\\\/fr\\\/\",\"name\":\"Lauralogo\",\"description\":\"Laura Benitez - Logopeda\",\"publisher\":{\"@id\":\"https:\\\/\\\/lauralogo.com\\\/fr\\\/#\\\/schema\\\/person\\\/f170a007106d64af0135fc1ddef8ae62\"},\"potentialAction\":[{\"@type\":\"SearchAction\",\"target\":{\"@type\":\"EntryPoint\",\"urlTemplate\":\"https:\\\/\\\/lauralogo.com\\\/fr\\\/?s={search_term_string}\"},\"query-input\":{\"@type\":\"PropertyValueSpecification\",\"valueRequired\":true,\"valueName\":\"search_term_string\"}}],\"inLanguage\":\"fr-FR\"},{\"@type\":[\"Person\",\"Organization\"],\"@id\":\"https:\\\/\\\/lauralogo.com\\\/fr\\\/#\\\/schema\\\/person\\\/f170a007106d64af0135fc1ddef8ae62\",\"name\":\"Laura\",\"image\":{\"@type\":\"ImageObject\",\"inLanguage\":\"fr-FR\",\"@id\":\"https:\\\/\\\/lauralogo.com\\\/wp-content\\\/uploads\\\/2025\\\/09\\\/cropped-LOGO.png\",\"url\":\"https:\\\/\\\/lauralogo.com\\\/wp-content\\\/uploads\\\/2025\\\/09\\\/cropped-LOGO.png\",\"contentUrl\":\"https:\\\/\\\/lauralogo.com\\\/wp-content\\\/uploads\\\/2025\\\/09\\\/cropped-LOGO.png\",\"width\":1267,\"height\":596,\"caption\":\"Laura\"},\"logo\":{\"@id\":\"https:\\\/\\\/lauralogo.com\\\/wp-content\\\/uploads\\\/2025\\\/09\\\/cropped-LOGO.png\"},\"sameAs\":[\"https:\\\/\\\/lauralogo.com\"],\"url\":\"https:\\\/\\\/lauralogo.com\\\/fr\\\/author\\\/admin\\\/\"}]}<\/script>\n<!-- \/ Yoast SEO plugin. -->","yoast_head_json":{"title":"Frein lingual chez l'enfant | Orthophoniste \u00e0 Malaga et en ligne","description":"Frein lingual chez l'enfant : d\u00e9couvrez de quoi il s'agit, ses cons\u00e9quences possibles et le r\u00f4le de l'orthophoniste \u00e0 Malaga et en ligne.","robots":{"index":"index","follow":"follow","max-snippet":"max-snippet:-1","max-image-preview":"max-image-preview:large","max-video-preview":"max-video-preview:-1"},"canonical":"https:\/\/lauralogo.com\/fr\/frein-lingual-chez-lenfant-definition-consequences-et-role-de-lorthophoniste\/","og_locale":"fr_FR","og_type":"article","og_title":"Frein lingual chez l'enfant | Orthophoniste \u00e0 Malaga et en ligne","og_description":"Frein lingual chez l'enfant : d\u00e9couvrez de quoi il s'agit, ses cons\u00e9quences possibles et le r\u00f4le de l'orthophoniste \u00e0 Malaga et en ligne.","og_url":"https:\/\/lauralogo.com\/fr\/frein-lingual-chez-lenfant-definition-consequences-et-role-de-lorthophoniste\/","og_site_name":"Lauralogo","article_published_time":"2026-08-18T15:46:10+00:00","article_modified_time":"2026-08-18T15:46:11+00:00","og_image":[{"width":1536,"height":1024,"url":"https:\/\/lauralogo.com\/wp-content\/uploads\/2026\/08\/ChatGPT-Image-18-aout-2026-a-16_35_02.png","type":"image\/png"}],"author":"Laura","twitter_card":"summary_large_image","twitter_misc":{"\u00c9crit par":"Laura","Dur\u00e9e de lecture estim\u00e9e":"4 minutes"},"schema":{"@context":"https:\/\/schema.org","@graph":[{"@type":"Article","@id":"https:\/\/lauralogo.com\/fr\/frein-lingual-chez-lenfant-definition-consequences-et-role-de-lorthophoniste\/#article","isPartOf":{"@id":"https:\/\/lauralogo.com\/fr\/frein-lingual-chez-lenfant-definition-consequences-et-role-de-lorthophoniste\/"},"author":{"name":"Laura","@id":"https:\/\/lauralogo.com\/fr\/#\/schema\/person\/f170a007106d64af0135fc1ddef8ae62"},"headline":"Frein lingual chez l'enfant : d\u00e9finition, cons\u00e9quences et r\u00f4le de l'orthophoniste","datePublished":"2026-08-18T15:46:10+00:00","dateModified":"2026-08-18T15:46:11+00:00","mainEntityOfPage":{"@id":"https:\/\/lauralogo.com\/fr\/frein-lingual-chez-lenfant-definition-consequences-et-role-de-lorthophoniste\/"},"wordCount":781,"publisher":{"@id":"https:\/\/lauralogo.com\/fr\/#\/schema\/person\/f170a007106d64af0135fc1ddef8ae62"},"image":{"@id":"https:\/\/lauralogo.com\/fr\/frein-lingual-chez-lenfant-definition-consequences-et-role-de-lorthophoniste\/#primaryimage"},"thumbnailUrl":"https:\/\/lauralogo.com\/wp-content\/uploads\/2026\/08\/ChatGPT-Image-18-aout-2026-a-16_35_02.png","keywords":["articulation","D\u00e9glutition atypique","enfants","frein lingual","M\u00e1laga","orthophonie","parole","respiration buccale","th\u00e9rapie myofonctionnelle"],"articleSection":["Articulation","D\u00e9glutition atypique","Myofonctionnel","Orthophonie","Respiration par la bouche"],"inLanguage":"fr-FR"},{"@type":"WebPage","@id":"https:\/\/lauralogo.com\/fr\/frein-lingual-chez-lenfant-definition-consequences-et-role-de-lorthophoniste\/","url":"https:\/\/lauralogo.com\/fr\/frein-lingual-chez-lenfant-definition-consequences-et-role-de-lorthophoniste\/","name":"Frein lingual chez l'enfant | Orthophoniste \u00e0 Malaga et en ligne","isPartOf":{"@id":"https:\/\/lauralogo.com\/fr\/#website"},"primaryImageOfPage":{"@id":"https:\/\/lauralogo.com\/fr\/frein-lingual-chez-lenfant-definition-consequences-et-role-de-lorthophoniste\/#primaryimage"},"image":{"@id":"https:\/\/lauralogo.com\/fr\/frein-lingual-chez-lenfant-definition-consequences-et-role-de-lorthophoniste\/#primaryimage"},"thumbnailUrl":"https:\/\/lauralogo.com\/wp-content\/uploads\/2026\/08\/ChatGPT-Image-18-aout-2026-a-16_35_02.png","datePublished":"2026-08-18T15:46:10+00:00","dateModified":"2026-08-18T15:46:11+00:00","description":"Frein lingual chez l'enfant : d\u00e9couvrez de quoi il s'agit, ses cons\u00e9quences possibles et le r\u00f4le de l'orthophoniste \u00e0 Malaga et en ligne.","breadcrumb":{"@id":"https:\/\/lauralogo.com\/fr\/frein-lingual-chez-lenfant-definition-consequences-et-role-de-lorthophoniste\/#breadcrumb"},"inLanguage":"fr-FR","potentialAction":[{"@type":"ReadAction","target":["https:\/\/lauralogo.com\/fr\/frein-lingual-chez-lenfant-definition-consequences-et-role-de-lorthophoniste\/"]}]},{"@type":"ImageObject","inLanguage":"fr-FR","@id":"https:\/\/lauralogo.com\/fr\/frein-lingual-chez-lenfant-definition-consequences-et-role-de-lorthophoniste\/#primaryimage","url":"https:\/\/lauralogo.com\/wp-content\/uploads\/2026\/08\/ChatGPT-Image-18-aout-2026-a-16_35_02.png","contentUrl":"https:\/\/lauralogo.com\/wp-content\/uploads\/2026\/08\/ChatGPT-Image-18-aout-2026-a-16_35_02.png","width":1536,"height":1024,"caption":"Ni\u00f1o con frenillo lingual corto"},{"@type":"BreadcrumbList","@id":"https:\/\/lauralogo.com\/fr\/frein-lingual-chez-lenfant-definition-consequences-et-role-de-lorthophoniste\/#breadcrumb","itemListElement":[{"@type":"ListItem","position":1,"name":"Portada","item":"https:\/\/lauralogo.com\/fr\/accueil\/"},{"@type":"ListItem","position":2,"name":"Frein lingual chez l&#8217;enfant : d\u00e9finition, cons\u00e9quences et r\u00f4le de l&#8217;orthophoniste"}]},{"@type":"WebSite","@id":"https:\/\/lauralogo.com\/fr\/#website","url":"https:\/\/lauralogo.com\/fr\/","name":"Lauralogo","description":"Laura Benitez - Logopeda","publisher":{"@id":"https:\/\/lauralogo.com\/fr\/#\/schema\/person\/f170a007106d64af0135fc1ddef8ae62"},"potentialAction":[{"@type":"SearchAction","target":{"@type":"EntryPoint","urlTemplate":"https:\/\/lauralogo.com\/fr\/?s={search_term_string}"},"query-input":{"@type":"PropertyValueSpecification","valueRequired":true,"valueName":"search_term_string"}}],"inLanguage":"fr-FR"},{"@type":["Person","Organization"],"@id":"https:\/\/lauralogo.com\/fr\/#\/schema\/person\/f170a007106d64af0135fc1ddef8ae62","name":"Laura","image":{"@type":"ImageObject","inLanguage":"fr-FR","@id":"https:\/\/lauralogo.com\/wp-content\/uploads\/2025\/09\/cropped-LOGO.png","url":"https:\/\/lauralogo.com\/wp-content\/uploads\/2025\/09\/cropped-LOGO.png","contentUrl":"https:\/\/lauralogo.com\/wp-content\/uploads\/2025\/09\/cropped-LOGO.png","width":1267,"height":596,"caption":"Laura"},"logo":{"@id":"https:\/\/lauralogo.com\/wp-content\/uploads\/2025\/09\/cropped-LOGO.png"},"sameAs":["https:\/\/lauralogo.com"],"url":"https:\/\/lauralogo.com\/fr\/author\/admin\/"}]}},"_links":{"self":[{"href":"https:\/\/lauralogo.com\/fr\/wp-json\/wp\/v2\/posts\/2765","targetHints":{"allow":["GET"]}}],"collection":[{"href":"https:\/\/lauralogo.com\/fr\/wp-json\/wp\/v2\/posts"}],"about":[{"href":"https:\/\/lauralogo.com\/fr\/wp-json\/wp\/v2\/types\/post"}],"author":[{"embeddable":true,"href":"https:\/\/lauralogo.com\/fr\/wp-json\/wp\/v2\/users\/1"}],"replies":[{"embeddable":true,"href":"https:\/\/lauralogo.com\/fr\/wp-json\/wp\/v2\/comments?post=2765"}],"version-history":[{"count":3,"href":"https:\/\/lauralogo.com\/fr\/wp-json\/wp\/v2\/posts\/2765\/revisions"}],"predecessor-version":[{"id":2773,"href":"https:\/\/lauralogo.com\/fr\/wp-json\/wp\/v2\/posts\/2765\/revisions\/2773"}],"wp:featuredmedia":[{"embeddable":true,"href":"https:\/\/lauralogo.com\/fr\/wp-json\/wp\/v2\/media\/2759"}],"wp:attachment":[{"href":"https:\/\/lauralogo.com\/fr\/wp-json\/wp\/v2\/media?parent=2765"}],"wp:term":[{"taxonomy":"category","embeddable":true,"href":"https:\/\/lauralogo.com\/fr\/wp-json\/wp\/v2\/categories?post=2765"},{"taxonomy":"post_tag","embeddable":true,"href":"https:\/\/lauralogo.com\/fr\/wp-json\/wp\/v2\/tags?post=2765"}],"curies":[{"name":"wp","href":"https:\/\/api.w.org\/{rel}","templated":true}]}}